[{"@context":"https:\/\/schema.org\/","@type":"Article","@id":"https:\/\/www.cleus.cz\/chcete-li-novy-nabytek\/#Article","mainEntityOfPage":"https:\/\/www.cleus.cz\/chcete-li-novy-nabytek\/","headline":"Chcete-li nov\u00fd n\u00e1bytek","name":"Chcete-li nov\u00fd n\u00e1bytek","description":"Chcete-li nov\u00fd vestav\u011bn\u00fd n\u00e1bytek, pak oslovte na\u0161\u00ed firmu, proto\u017ee ur\u010dit\u011b nebudete litovat. Nab\u00edz\u00edme v\u00e1m toho mnoho. V\u00fdhody spo\u010d\u00edvaj\u00ed v kvalit\u011b, cen\u011b a rychlosti. Co se t\u00fdk\u00e1 kvality, tak ta je prvot\u0159\u00eddn\u00ed. Na syst\u00e9my d\u00e1v\u00e1me z\u00e1ruku 5 let. Cenu garantujeme nejni\u017e\u0161\u00ed a rychlost je tak\u00e9 na\u0161e velk\u00e9 plus. Vestav\u011bn\u00e9 sk\u0159\u00edn\u011b Praha, m\u016f\u017eete m\u00edt ji\u017e od jednoho [&hellip;]","datePublished":"2025-08-19","dateModified":"2025-08-19","author":{"@type":"Person","@id":"https:\/\/www.cleus.cz\/author\/#Person","name":"","url":"https:\/\/www.cleus.cz\/author\/","identifier":1,"image":{"@type":"ImageObject","@id":"https:\/\/secure.gravatar.com\/avatar\/d693d76da4b3c2905ed32515295d3c5b2b37600a891f276917d3d592948bcc60?s=96&d=mm&r=g","url":"https:\/\/secure.gravatar.com\/avatar\/d693d76da4b3c2905ed32515295d3c5b2b37600a891f276917d3d592948bcc60?s=96&d=mm&r=g","height":96,"width":96}},"publisher":{"@type":"Organization","name":"cleus.cz","logo":{"@type":"ImageObject","@id":"\/logo.png","url":"\/logo.png","width":600,"height":60}},"url":"https:\/\/www.cleus.cz\/chcete-li-novy-nabytek\/","wordCount":172,"articleBody":"Chcete-li nov\u00fd vestav\u011bn\u00fd n\u00e1bytek, pak oslovte na\u0161\u00ed firmu, proto\u017ee ur\u010dit\u011b nebudete litovat. Nab\u00edz\u00edme v\u00e1m toho mnoho. V\u00fdhody spo\u010d\u00edvaj\u00ed v kvalit\u011b, cen\u011b a rychlosti. Co se t\u00fdk\u00e1 kvality, tak ta je prvot\u0159\u00eddn\u00ed. Na syst\u00e9my d\u00e1v\u00e1me z\u00e1ruku 5 let. Cenu garantujeme nejni\u017e\u0161\u00ed a rychlost je tak\u00e9 na\u0161e velk\u00e9 plus. Vestav\u011bn\u00e9 sk\u0159\u00edn\u011b Praha, m\u016f\u017eete m\u00edt ji\u017e od jednoho t\u00fddne. V ka\u017ed\u00e9m \u00falo\u017en\u00e9m prostoru, je v\u011b\u0161\u00e1kov\u00e1 ty\u010d a samoz\u0159ejmost\u00ed jsou i police. Chcete n\u00e1bytek barevn\u011b sladit s interi\u00e9rem? Pak m\u00e1te mo\u017enost vybrat si jeden ze 100 dekor\u016f, z toho je 20 dekor\u016f zcela zdarma, ostatn\u00ed za p\u0159\u00edplatek. N\u00e1vrh podle v\u00e1s, nebo podle architekta N\u00e1vrh m\u016f\u017ee prob\u011bhnout podle va\u0161ich p\u0159edstav, nebo podle na\u0161eho architekta. Pokud se rozhodnete oslovit na\u0161\u00ed firmu, pak v\u00e1m zdarma zam\u011b\u0159\u00edme m\u00edsto a uk\u00e1\u017eeme v\u00e1m na vizualizaci, jak bude v\u00fdsledek vypadat.                                                                                                                                                                                                                                                                                                                                                                                                "},{"@context":"https:\/\/schema.org\/","@type":"BreadcrumbList","itemListElement":[{"@type":"ListItem","position":1,"name":"Chcete-li nov\u00fd n\u00e1bytek","item":"https:\/\/www.cleus.cz\/chcete-li-novy-nabytek\/#breadcrumbitem"}]}]