[{"@context":"https:\/\/schema.org\/","@type":"Article","@id":"https:\/\/www.cleus.cz\/destnik-s-potiskem-jako-darek-na-firemnim-skoleni\/#Article","mainEntityOfPage":"https:\/\/www.cleus.cz\/destnik-s-potiskem-jako-darek-na-firemnim-skoleni\/","headline":"De\u0161tn\u00edk s potiskem jako d\u00e1rek na firemn\u00edm \u0161kolen\u00ed","name":"De\u0161tn\u00edk s potiskem jako d\u00e1rek na firemn\u00edm \u0161kolen\u00ed","description":"U\u017e je to spousta let, co jsem absolvoval s\u00e9rii n\u011bkolika IT \u0161kolen\u00ed v centru Prahy, kter\u00e1 byla pot\u0159ebn\u00e1 pro v\u00fdkon m\u00e9 profese. Na tu dobu velmi r\u00e1d vzpom\u00edn\u00e1m, nebo\u0165 se \u0161kolen\u00ed odehr\u00e1vala v p\u0159\u00edjemn\u00fdch administrativn\u00edch prostor\u00e1ch a nav\u00edc jsme obdr\u017eeli reklamn\u00ed d\u00e1rky, tak\u017ee byl pr\u016fb\u011bh v\u00fduky o to zaj\u00edmav\u011bj\u0161\u00ed. \u0160kolen\u00ed prob\u00edhala v tepl\u00e9m obdob\u00ed roku [&hellip;]","datePublished":"2025-11-05","dateModified":"2025-11-05","author":{"@type":"Person","@id":"https:\/\/www.cleus.cz\/author\/#Person","name":"","url":"https:\/\/www.cleus.cz\/author\/","identifier":1,"image":{"@type":"ImageObject","@id":"https:\/\/secure.gravatar.com\/avatar\/d693d76da4b3c2905ed32515295d3c5b2b37600a891f276917d3d592948bcc60?s=96&d=mm&r=g","url":"https:\/\/secure.gravatar.com\/avatar\/d693d76da4b3c2905ed32515295d3c5b2b37600a891f276917d3d592948bcc60?s=96&d=mm&r=g","height":96,"width":96}},"publisher":{"@type":"Organization","name":"cleus.cz","logo":{"@type":"ImageObject","@id":"\/logo.png","url":"\/logo.png","width":600,"height":60}},"image":{"@type":"ImageObject","@id":"https:\/\/www.cleus.cz\/wp-content\/uploads\/umbrella-6246051_640.png","url":"https:\/\/www.cleus.cz\/wp-content\/uploads\/umbrella-6246051_640.png","height":0,"width":0},"url":"https:\/\/www.cleus.cz\/destnik-s-potiskem-jako-darek-na-firemnim-skoleni\/","about":["N\u00e1kupy"],"wordCount":425,"articleBody":"         U\u017e je to spousta let, co jsem absolvoval s\u00e9rii n\u011bkolika IT \u0161kolen\u00ed v centru Prahy, kter\u00e1 byla pot\u0159ebn\u00e1 pro v\u00fdkon m\u00e9 profese. Na tu dobu velmi r\u00e1d vzpom\u00edn\u00e1m, nebo\u0165 se \u0161kolen\u00ed odehr\u00e1vala v p\u0159\u00edjemn\u00fdch administrativn\u00edch prostor\u00e1ch a nav\u00edc jsme obdr\u017eeli reklamn\u00ed d\u00e1rky, tak\u017ee byl pr\u016fb\u011bh v\u00fduky o to zaj\u00edmav\u011bj\u0161\u00ed. \u0160kolen\u00ed prob\u00edhala v tepl\u00e9m obdob\u00ed roku za p\u011bkn\u00e9ho po\u010das\u00ed, ov\u0161em ne v\u017edy se mus\u00ed po\u010das\u00ed vyda\u0159it tak, \u017ee nad v\u00e1mi sv\u00edt\u00ed slunce a m\u00e1te n\u00e1ladu se po v\u00fduce prob\u011bhnout se zmrzlinou v m\u011bstsk\u00e9m parku. Kdy\u017e se obloha zat\u00e1hne a slunce se schov\u00e1 za t\u011b\u017ek\u00fd \u0161ed\u00fd mrak, z n\u011bho\u017e se za\u010dnou k zemi sn\u00e1\u0161et de\u0161\u0165ov\u00e9 sr\u00e1\u017eky, m\u016f\u017ee p\u0159ij\u00edt vhod rozta\u017een\u00fd barevn\u00fd de\u0161tn\u00edk a jestli\u017ee de\u0161tn\u00edk obdr\u017e\u00edte na \u0161kolen\u00ed jako reklamn\u00ed d\u00e1rek, m\u016f\u017ee to b\u00fdt i p\u011bkn\u011b stylov\u00e9. J\u00e1 osobn\u011b bych uv\u00edtal de\u0161tn\u00edk syt\u011b \u010derven\u00e9 nebo v\u00ednov\u00e9 barvy, miluji \u010dervenou barvu a m\u011bl bych z takov\u00e9ho v\u00fdrobku ohromnou radost.Reklamn\u00ed de\u0161tn\u00edky Promo d\u00e1rky lze darovat lidem p\u0159i mnoha p\u0159\u00edle\u017eitostech, nap\u0159\u00edklad na firemn\u00edm rautu, k narozenin\u00e1m a t\u0159eba i k svatb\u011b jako dopln\u011bk k svatebn\u00edm dar\u016fm. Zna\u010dnou v\u00fdhodou barevn\u00fdch textiln\u00edch de\u0161tn\u00edk\u016f je to, \u017ee jsou po rozta\u017een\u00ed obrovsk\u00e9 a mohou ji\u017e z velk\u00e9 vzd\u00e1lenosti nab\u00eddnout pohled na reklamn\u00ed potisk. Jestli\u017ee si pak d\u00e1te z\u00e1le\u017eet a potisk bude m\u00edt zaj\u00edmav\u00fd n\u00e1boj a styl, nap\u0159\u00edklad na \u010derven\u00e9m de\u0161tn\u00edku b\u00edl\u00fd text, m\u016f\u017eete upoutat pozornost, inspirovat a rozveselit, i kdy\u017e je to t\u0159eba jen pouh\u00e1 drobnost. De\u0161tn\u00edky sice neroztahujeme moc \u010dasto, ale kdy\u017e u\u017e je rozt\u00e1hneme, tak by mohly b\u00fdt velmi u\u017eite\u010dn\u00e9 pro propagaci n\u011b\u010deho prosp\u011b\u0161n\u00e9ho, kup\u0159\u00edkladu zbo\u017e\u00ed z prodejny zdrav\u00e9 v\u00fd\u017eivy, vkusn\u00e9ho oble\u010den\u00ed a obuvi, hra\u010dek, knih, https:\/\/www.knihy.cz\/  v\u00fdtvarn\u00fdch pot\u0159eb, elektroniky, kuchy\u0148sk\u00e9ho a d\u00edlensk\u00e9ho vybaven\u00ed, dom\u00e1c\u00edch spot\u0159ebi\u010d\u016f, pot\u0159eb a krmiv pro dom\u00e1c\u00ed mazl\u00ed\u010dky a dal\u0161\u00edch v\u00fdrobk\u016f, co slou\u017e\u00ed lidem ke spokojenosti a ke zlep\u0161en\u00ed \u017eivotn\u00edho stylu.                                                                                                                                                                                                                                                                                                                                                                                                  "},{"@context":"https:\/\/schema.org\/","@type":"BreadcrumbList","itemListElement":[{"@type":"ListItem","position":1,"name":"De\u0161tn\u00edk s potiskem jako d\u00e1rek na firemn\u00edm \u0161kolen\u00ed","item":"https:\/\/www.cleus.cz\/destnik-s-potiskem-jako-darek-na-firemnim-skoleni\/#breadcrumbitem"}]}]