[{"@context":"https:\/\/schema.org\/","@type":"Article","@id":"https:\/\/www.cleus.cz\/dum-na-puli-cesty\/#Article","mainEntityOfPage":"https:\/\/www.cleus.cz\/dum-na-puli-cesty\/","headline":"D\u016fm na p\u016fli cesty","name":"D\u016fm na p\u016fli cesty","description":"Ka\u017ed\u00fd jist\u011b v\u00ed, co je to azylov\u00fd d\u016fm. Jedn\u00e1 se o za\u0159\u00edzen\u00ed ur\u010den\u00e9 pro lidi bez domova. Bu\u010f jsou to jednotlivci, kte\u0159\u00ed p\u0159i\u0161li o domov a \u017eili dlouhou dobu na ulici, ale rozhodli se, \u017ee cht\u011bj\u00ed za\u010d\u00edt znovu, nebo jsou to maminky s d\u011btmi, kter\u00e9 po odchodu od partnera nemaj\u00ed kde j\u00edt a tento zp\u016fsob [&hellip;]","datePublished":"2023-05-04","dateModified":"2023-05-04","author":{"@type":"Person","@id":"https:\/\/www.cleus.cz\/author\/#Person","name":"","url":"https:\/\/www.cleus.cz\/author\/","identifier":1,"image":{"@type":"ImageObject","@id":"https:\/\/secure.gravatar.com\/avatar\/d693d76da4b3c2905ed32515295d3c5b2b37600a891f276917d3d592948bcc60?s=96&d=mm&r=g","url":"https:\/\/secure.gravatar.com\/avatar\/d693d76da4b3c2905ed32515295d3c5b2b37600a891f276917d3d592948bcc60?s=96&d=mm&r=g","height":96,"width":96}},"publisher":{"@type":"Organization","name":"cleus.cz","logo":{"@type":"ImageObject","@id":"\/logo.png","url":"\/logo.png","width":600,"height":60}},"url":"https:\/\/www.cleus.cz\/dum-na-puli-cesty\/","wordCount":431,"articleBody":"Ka\u017ed\u00fd jist\u011b v\u00ed, co je to azylov\u00fd d\u016fm. Jedn\u00e1 se o za\u0159\u00edzen\u00ed ur\u010den\u00e9 pro lidi bez domova. Bu\u010f jsou to jednotlivci, kte\u0159\u00ed p\u0159i\u0161li o domov a \u017eili dlouhou dobu na ulici, ale rozhodli se, \u017ee cht\u011bj\u00ed za\u010d\u00edt znovu, nebo jsou to maminky s d\u011btmi, kter\u00e9 po odchodu od partnera nemaj\u00ed kde j\u00edt a tento zp\u016fsob pro n\u011b p\u0159edstavuj\u00ed do\u010dasn\u00fd azyl, ne\u017e se jim poda\u0159\u00ed d\u00e1t sv\u016fj \u017eivot trochu do po\u0159\u00e1dku a za\u010d\u00edt znovu.Ne zcela nepodobn\u00e9 azylov\u00fdm dom\u016fm jsou takzvan\u00e9 Domy na p\u016fli cesty. Jedn\u00e1 se vlastn\u011b o za\u0159\u00edzen\u00ed, kter\u00e1 slou\u017e\u00ed p\u0159edev\u0161\u00edm mlad\u00fdm lidem, p\u0159\u00edpadn\u011b rodin\u00e1m, aby p\u0159ekonali p\u0159echod mezi \u017eivotem v pobytov\u00fdch za\u0159\u00edzen\u00edch (D\u011btsk\u00fd domov) a b\u011b\u017en\u00fdm \u017eivotem.B\u00fdvaly doby, kdy u\u017eivatel\u00e9 d\u011btsk\u00fdch domov\u016f se ocitali ze dne na den na ulici a st\u00e1vali se z nich bezdomovci. Nem\u011bli \u017e\u00e1dn\u00e9 z\u00e1zem\u00ed a nebyli je\u0161t\u011b p\u0159ipraveni pro b\u011b\u017en\u00fd \u017eivot.Rizika mlad\u00fdch lid\u00ed, kte\u0159\u00ed vyr\u016fstaj\u00ed v d\u011btsk\u00e9m domov\u011b1.\u00a0\u00a0\u00a0\u00a0\u00a0 Chyb\u00ed jim zku\u0161enosti v b\u011b\u017en\u00fdch \u017eivotn\u00edch situac\u00edch2.\u00a0\u00a0\u00a0\u00a0\u00a0 Nemaj\u00ed dostatek soci\u00e1ln\u00edch kompetenc\u00ed3.\u00a0\u00a0\u00a0\u00a0\u00a0 D\u00edky absence rodi\u010dovsk\u00e9 p\u00e9\u010de nemaj\u00ed dostate\u010dn\u011b rozvinutou emocion\u00e1ln\u00ed inteligenci4.\u00a0\u00a0\u00a0\u00a0\u00a0 Jsou zvykl\u00e9 \u017eit v ur\u010dit\u00e9m izolovan\u00e9m prostoru a adaptace na b\u011b\u017en\u00fd \u017eivot je posl\u00e9ze velmi slo\u017eit\u00e15.\u00a0\u00a0\u00a0\u00a0\u00a0 Chyb\u00ed jim hlub\u0161\u00ed rodinn\u00e9 vazby, p\u0159edev\u0161\u00edm \u010dlov\u011bk, na koho by se mohli obr\u00e1tit, spolehnout se na n\u011bj, nebo prost\u011b jen \u010dlov\u011bk, kter\u00fd je vyslechne\tD\u016fstojn\u00fd startNa\u0161t\u011bst\u00ed dnes pro tyto lidi existuje slu\u017eba, kter\u00e1 jim umo\u017e\u0148uje d\u016fstojn\u00fd start. Ten \u010das je ur\u010den\u00fd k tomu, aby si mlad\u00ed lid\u00e9 na\u0161li zam\u011bstn\u00e1n\u00ed, \u010dasem pron\u00e1jem, aby si zvykli platit n\u00e1jem (pobyt v Dom\u011b na p\u016fli cesty si u\u017eivatel\u00e9 hrad\u00ed, nicm\u00e9n\u011b jedn\u00e1 se o n\u00edzkou \u010d\u00e1stku), dok\u00e1zali si zajistit potraviny, nau\u010dili se o sebe postarat, uva\u0159it si, vy\u0159\u00eddit si v\u0161e pot\u0159ebn\u00e9 na \u00fa\u0159adech.Samoz\u0159ejm\u011b k dispozici maj\u00ed odborn\u00e9 zam\u011bstnance a\u0165 u\u017e extern\u00ed nebo intern\u00ed, kte\u0159\u00ed jim se v\u0161\u00edm pomohou. V\u011bt\u0161ina t\u011bchto za\u0159\u00edzen\u00ed m\u00e1 i svou \u201eskupinu\u201c, kde se jednou za \u010das u\u017eivatel\u00e9 sejdou nap\u0159\u00edklad se soci\u00e1ln\u00edm pracovn\u00edkem a \u0159e\u0161\u00ed jednotliv\u00e9 situace a hledaj\u00ed pou\u010den\u00ed i z p\u0159\u00edb\u011bh\u016f a situac\u00ed druh\u00fdch.                                                                                                                                                                                                                                                                                                                                                                                        4.2\/5 - (8 votes)        "},{"@context":"https:\/\/schema.org\/","@type":"BreadcrumbList","itemListElement":[{"@type":"ListItem","position":1,"name":"D\u016fm na p\u016fli cesty","item":"https:\/\/www.cleus.cz\/dum-na-puli-cesty\/#breadcrumbitem"}]}]