[{"@context":"https:\/\/schema.org\/","@type":"Article","@id":"https:\/\/www.cleus.cz\/klec-na-kralika\/#Article","mainEntityOfPage":"https:\/\/www.cleus.cz\/klec-na-kralika\/","headline":"Klec na kr\u00e1l\u00edka","name":"Klec na kr\u00e1l\u00edka","description":"M\u011bli byste br\u00e1t velk\u00fd ohled na va\u0161e dom\u00e1c\u00ed mazl\u00ed\u010dky a vybrat jim klec, kter\u00e1 bude pro n\u011b dobr\u00fdm domovem, kde budou m\u00edt prostor, a v\u0161echno p\u016fjde podle pl\u00e1nu, aby se zde nec\u00edtili st\u00edsn\u011bni a podobn\u011b, tak byste m\u011bli vybrat tu spr\u00e1vnou a velikost, to je to nejd\u016fle\u017eit\u011bj\u0161\u00ed, tak se nebojte a prost\u011b si vyberte online [&hellip;]","datePublished":"2018-10-15","dateModified":"2023-05-04","author":{"@type":"Person","@id":"https:\/\/www.cleus.cz\/author\/#Person","name":"","url":"https:\/\/www.cleus.cz\/author\/","identifier":1,"image":{"@type":"ImageObject","@id":"https:\/\/secure.gravatar.com\/avatar\/d693d76da4b3c2905ed32515295d3c5b2b37600a891f276917d3d592948bcc60?s=96&d=mm&r=g","url":"https:\/\/secure.gravatar.com\/avatar\/d693d76da4b3c2905ed32515295d3c5b2b37600a891f276917d3d592948bcc60?s=96&d=mm&r=g","height":96,"width":96}},"publisher":{"@type":"Organization","name":"cleus.cz","logo":{"@type":"ImageObject","@id":"\/logo.png","url":"\/logo.png","width":600,"height":60}},"image":{"@type":"ImageObject","@id":"https:\/\/www.cleus.cz\/wp-content\/uploads\/img_a328863_w1710_t1540980802.jpg","url":"https:\/\/www.cleus.cz\/wp-content\/uploads\/img_a328863_w1710_t1540980802.jpg","height":0,"width":0},"url":"https:\/\/www.cleus.cz\/klec-na-kralika\/","about":["Cestov\u00e1n\u00ed"],"wordCount":446,"articleBody":" M\u011bli byste br\u00e1t velk\u00fd ohled na va\u0161e dom\u00e1c\u00ed mazl\u00ed\u010dky a vybrat jim klec, kter\u00e1 bude pro n\u011b dobr\u00fdm domovem, kde budou m\u00edt prostor, a v\u0161echno p\u016fjde podle pl\u00e1nu, aby se zde nec\u00edtili st\u00edsn\u011bni a podobn\u011b, tak byste m\u011bli vybrat tu spr\u00e1vnou a velikost, to je to nejd\u016fle\u017eit\u011bj\u0161\u00ed, tak se nebojte a prost\u011b si vyberte online v\u0161echno, co budete cht\u00edt. Klec na kr\u00e1l\u00edka se v\u00e1m bude opravdu moc l\u00edbit, tak si vyberte. V\u0161echno je zde p\u0159izp\u016fsoben\u00e9 maxim\u00e1ln\u00edmu pohodl\u00ed dom\u00e1c\u00edch mazl\u00ed\u010dk\u016f a tak\u00e9 prakticky pro v\u00e1s, jako pro p\u00e1n\u00ed\u010dky, kte\u0159\u00ed se budou o mazl\u00ed\u010dky starat, tak aby to bylo v\u0161echno p\u0159\u00edmo pro v\u00e1s. P\u0159ipojte se i vy ke v\u0161em z\u00e1kazn\u00edk\u016fm, kte\u0159\u00ed ud\u011blali ten spr\u00e1vn\u00fd krok a objednali si tohle v\u0161echno od n\u00e1s a jsou opravdu spokojen\u00ed,proto\u017ee to jinak snad ani nejde. Dopadne to dob\u0159e a bude to prost\u011b n\u011bco skv\u011bl\u00e9ho. Tyhle na\u0161e kelce si m\u016f\u017eete doplnit dal\u0161\u00edmi v\u011bci, jako jsou nap\u00e1je\u010dky, kole\u010dka pro k\u0159e\u010dky nebo dome\u010dky a podobn\u011b, proto\u017ee tohle je zde tak\u00e9 mo\u017en\u00e9 zakoupit, abyste nikam nemuseli chodit. Ur\u010dit\u011b si vyberte a budete spokojen\u00ed na sto procent. Ide\u00e1ln\u00ed cenov\u00e1 nab\u00eddka Tohle v\u0161echno se v\u00e1m bude opravdu moc l\u00edbit, tak na nic ne\u010dekejte a ud\u011blejte tento prvn\u00ed krok je\u0161t\u011b hned dneska a dopadne to dob\u0159e. Nav\u00edc kvalita je vysok\u00e1, tak\u017ee s n\u00e1mi m\u016f\u017eete b\u00e1t spokojen\u00ed. Pokud pl\u00e1nujete koupit va\u0161emu d\u00edt\u011bti d\u00e1rek na narozeniny mal\u00e9ho kr\u00e1l\u00ed\u010dka nebo jako d\u00e1rek pod strome\u010dek, tak byste se m\u011bli o tomhle v\u0161em p\u0159esv\u011bd\u010dit je\u0161t\u011b hned dneska a bude to pro v\u00e1s skv\u011bl\u00e9 a ide\u00e1ln\u00ed \u0159e\u0161en\u00ed, tak\u017ee se ni\u010deho nebojte a ud\u011blejte to hned te\u010f. Ur\u010dit\u011b byste tohle v\u0161echno m\u011bli ud\u011blat co nejrychleji a objednat si to a internetu, proto\u017ee internetov\u00e9 ceny jsou ni\u017e\u0161\u00ed a nemus\u00edte ani nijak chodit, co\u017e je opravdu ide\u00e1ln\u00ed a skv\u011bl\u00e9 \u0159e\u0161en\u00ed, tak\u017ee se ni\u010deho nebojte. Budete naprosto spokojen\u00ed a nad\u0161en\u00ed z toho v\u0161eho. Bude to v\u0161echno skv\u011bl\u00e9 a opravdu geni\u00e1ln\u00ed. Ur\u010dit\u011b se o tomhle v\u0161em p\u0159esv\u011bd\u010dte na va\u0161i vlastn\u00ed k\u016f\u017ei.                                                                                                                                                                                                                                                                                                                                                                                         4\/5 - (4 votes)        "},{"@context":"https:\/\/schema.org\/","@type":"BreadcrumbList","itemListElement":[{"@type":"ListItem","position":1,"name":"Klec na kr\u00e1l\u00edka","item":"https:\/\/www.cleus.cz\/klec-na-kralika\/#breadcrumbitem"}]}]