[{"@context":"https:\/\/schema.org\/","@type":"Article","@id":"https:\/\/www.cleus.cz\/moda-z-kontejneru\/#Article","mainEntityOfPage":"https:\/\/www.cleus.cz\/moda-z-kontejneru\/","headline":"M\u00f3da z kontejneru","name":"M\u00f3da z kontejneru","description":"Textiln\u00ed kontejnery jsou v\u00a0dne\u0161n\u00ed dob\u011b i v\u00a0\u010cesk\u00e9 republice. Najdeme je v\u00a0ka\u017ed\u00e9m velk\u00e9m i men\u0161\u00edm m\u011bst\u011b, a dokonce i na vesnic\u00edch. V\u00a0p\u0159\u00edpad\u011b, \u017ee v\u00e1m ji\u017e v\u00e1\u0161 \u0161atn\u00edk z\u00a0n\u011bjak\u00e9ho d\u016fvodu nevyhovuje a chcete n\u011bkter\u00e9 kousky vyhodit, nikdy je nevyhazujte do popelnice. Dejte je do speci\u00e1ln\u00edch kontejner\u016f na textil. Textilie, a\u010d se to nezd\u00e1, zat\u011b\u017euje \u017eivotn\u00ed prost\u0159ed\u00ed stejn\u011b, [&hellip;]","datePublished":"2019-08-02","dateModified":"2023-05-04","author":{"@type":"Person","@id":"https:\/\/www.cleus.cz\/author\/#Person","name":"","url":"https:\/\/www.cleus.cz\/author\/","identifier":1,"image":{"@type":"ImageObject","@id":"https:\/\/secure.gravatar.com\/avatar\/d693d76da4b3c2905ed32515295d3c5b2b37600a891f276917d3d592948bcc60?s=96&d=mm&r=g","url":"https:\/\/secure.gravatar.com\/avatar\/d693d76da4b3c2905ed32515295d3c5b2b37600a891f276917d3d592948bcc60?s=96&d=mm&r=g","height":96,"width":96}},"publisher":{"@type":"Organization","name":"cleus.cz","logo":{"@type":"ImageObject","@id":"\/logo.png","url":"\/logo.png","width":600,"height":60}},"image":{"@type":"ImageObject","@id":"https:\/\/www.cleus.cz\/wp-content\/uploads\/img_a352302_w3264_t1566851155.jpg","url":"https:\/\/www.cleus.cz\/wp-content\/uploads\/img_a352302_w3264_t1566851155.jpg","height":0,"width":0},"url":"https:\/\/www.cleus.cz\/moda-z-kontejneru\/","about":["M\u00f3da"],"wordCount":398,"articleBody":"Textiln\u00ed kontejnery jsou v\u00a0dne\u0161n\u00ed dob\u011b i v\u00a0\u010cesk\u00e9 republice. Najdeme je v\u00a0ka\u017ed\u00e9m velk\u00e9m i men\u0161\u00edm m\u011bst\u011b, a dokonce i na vesnic\u00edch.V\u00a0p\u0159\u00edpad\u011b, \u017ee v\u00e1m ji\u017e v\u00e1\u0161 \u0161atn\u00edk z\u00a0n\u011bjak\u00e9ho d\u016fvodu nevyhovuje a chcete n\u011bkter\u00e9 kousky vyhodit, nikdy je nevyhazujte do popelnice. Dejte je do speci\u00e1ln\u00edch kontejner\u016f na textil. Textilie, a\u010d se to nezd\u00e1, zat\u011b\u017euje \u017eivotn\u00ed prost\u0159ed\u00ed stejn\u011b, ne-li i v\u00edce ne\u017e nap\u0159\u00edklad v\u00fdroba plast\u016f. N\u011bkter\u00e9 druhy by se na skl\u00e1dce rozkl\u00e1dali dokonce d\u00e9le ne\u017e 200 let. Proto je dobr\u00e9 se sna\u017eit je op\u011btovn\u011b recyklovat. Pokud va\u0161e nepot\u0159ebn\u00e9 kousky odlo\u017e\u00edte do textiln\u00edch kontejner\u016f, je n\u011bkolik mo\u017enost\u00ed, co se s\u00a0n\u00edm bude d\u00edt d\u00e1l.Oble\u010den\u00ed, kter\u00e9 se d\u00e1 je\u0161t\u011b nosit a je v\u00a0dobr\u00e9m stavu, bude nab\u00eddnuto charit\u00e1m nebo jin\u00fdm neziskov\u00fdm organizac\u00edm. Av\u0161ak charity maj\u00ed specifick\u00e9 pot\u0159eby, vyu\u017e\u00edvaj\u00ed kvalitn\u00ed a funk\u010dn\u00ed od\u011bvy pro lidi v\u00a0nouzi jako jsou kab\u00e1ty, svetry nebo obuv. Co se t\u00fd\u010de oble\u010den\u00ed, kter\u00e9 charity ani jin\u00e9 neziskov\u00e9 organizace nevyu\u017eij\u00ed, ale p\u0159esto se jedn\u00e1 o kvalitn\u00ed, je\u0161t\u011b nositeln\u00e9 kousky, takov\u00e9 m\u016f\u017ee skon\u010dit ve sp\u0159\u00e1telen\u00fdch secondhandech. V\u00fdt\u011b\u017eek z\u00a0prodeje t\u011bchto druh\u016f se vrac\u00ed op\u011bt charit\u011b, kter\u00e1 je schopna je vyu\u017e\u00edt l\u00e9pe ne\u017eli krajkov\u00e9 t\u00edlko \u010di minisukni.Od\u011bv, kter\u00fd ji\u017e nejde nosit vykupuj\u00ed spole\u010dnosti, kter\u00e9 se zab\u00fdvaj\u00ed recyklac\u00ed textilu. Ty z\u00a0na\u0161eho odlo\u017een\u00e9ho \u0161atn\u00edku nap\u0159\u00edklad vyrob\u00ed v\u00fdpl\u0148 do autoseda\u010dky, izolaci trubek nebo \u010dist\u00edc\u00ed hadry. Dal\u0161\u00ed mo\u017enost\u00ed, co se m\u016f\u017ee s odlo\u017een\u00fdmi \u0161aty st\u00e1t, je jejich export do rozvojov\u00fdch zem\u00ed nap\u0159\u00edklad v\u00a0Africe.Ur\u010dit\u011b stoj\u00ed za to se zamyslet nad t\u00edm, co se sv\u00fdm ji\u017e obno\u0161en\u00fdm oble\u010den\u00edm ud\u011bl\u00e1te. Rozhodn\u011b by nem\u011blo skon\u010dit v\u00a0popelnici. Textiln\u00ed kontejner je dobrou volbou. Va\u0161e \u201edary\u201c projde t\u0159\u00edd\u00edrnou a jeho dal\u0161\u00ed osud bude k\u00a0u\u017eitku jin\u00fdm. Nejenom lidem, ale i cel\u00e9 planet\u011b. Rozhodn\u011b lep\u0161\u00ed, ne\u017e aby skon\u010dilo na skl\u00e1dce a tam se rozkl\u00e1dalo v\u00edce ne\u017e 200 let.                                                                                                                                                                                                                                                                                                                                                                                        4\/5 - (5 votes)        "},{"@context":"https:\/\/schema.org\/","@type":"BreadcrumbList","itemListElement":[{"@type":"ListItem","position":1,"name":"M\u00f3da z kontejneru","item":"https:\/\/www.cleus.cz\/moda-z-kontejneru\/#breadcrumbitem"}]}]