[{"@context":"https:\/\/schema.org\/","@type":"Article","@id":"https:\/\/www.cleus.cz\/nabizime-volna-mista-i-pro-absolventy\/#Article","mainEntityOfPage":"https:\/\/www.cleus.cz\/nabizime-volna-mista-i-pro-absolventy\/","headline":"Nab\u00edz\u00edme voln\u00e1 m\u00edsta i pro absolventy","name":"Nab\u00edz\u00edme voln\u00e1 m\u00edsta i pro absolventy","description":"V na\u0161\u00ed psychiatrick\u00e9 nemocnici, kter\u00e1 se nach\u00e1z\u00ed v Dob\u0159anech, v\u00e1m nyn\u00ed m\u016f\u017eeme nab\u00eddnout n\u011bjak\u00e1 voln\u00e1 m\u00edsta. Pokud tedy hled\u00e1te zam\u011bstn\u00e1n\u00ed, pokud by v\u00e1s zaj\u00edmala pr\u00e1ce l\u00e9ka\u0159 Plze\u0148, kontaktujte n\u00e1s pro v\u00edce informac\u00ed pros\u00edm. R\u00e1di v\u00e1m pov\u00edme, co zam\u011bstn\u00e1n\u00edm u n\u00e1s v\u0161echno z\u00edsk\u00e1te. Pokud se toti\u017e bude uch\u00e1zet o pr\u00e1ce l\u00e9ka\u0159 Plze\u0148 a nav\u00edc ji dostanete, [&hellip;]","datePublished":"2024-11-29","dateModified":"2024-11-29","author":{"@type":"Person","@id":"https:\/\/www.cleus.cz\/author\/#Person","name":"","url":"https:\/\/www.cleus.cz\/author\/","identifier":1,"image":{"@type":"ImageObject","@id":"https:\/\/secure.gravatar.com\/avatar\/d693d76da4b3c2905ed32515295d3c5b2b37600a891f276917d3d592948bcc60?s=96&d=mm&r=g","url":"https:\/\/secure.gravatar.com\/avatar\/d693d76da4b3c2905ed32515295d3c5b2b37600a891f276917d3d592948bcc60?s=96&d=mm&r=g","height":96,"width":96}},"publisher":{"@type":"Organization","name":"cleus.cz","logo":{"@type":"ImageObject","@id":"\/logo.png","url":"\/logo.png","width":600,"height":60}},"url":"https:\/\/www.cleus.cz\/nabizime-volna-mista-i-pro-absolventy\/","wordCount":174,"articleBody":"V na\u0161\u00ed psychiatrick\u00e9 nemocnici, kter\u00e1 se nach\u00e1z\u00ed v Dob\u0159anech, v\u00e1m nyn\u00ed m\u016f\u017eeme nab\u00eddnout n\u011bjak\u00e1 voln\u00e1 m\u00edsta. Pokud tedy hled\u00e1te zam\u011bstn\u00e1n\u00ed, pokud by v\u00e1s zaj\u00edmala pr\u00e1ce l\u00e9ka\u0159 Plze\u0148, kontaktujte n\u00e1s pro v\u00edce informac\u00ed pros\u00edm. R\u00e1di v\u00e1m pov\u00edme, co zam\u011bstn\u00e1n\u00edm u n\u00e1s v\u0161echno z\u00edsk\u00e1te. Pokud se toti\u017e bude uch\u00e1zet o pr\u00e1ce l\u00e9ka\u0159 Plze\u0148 a nav\u00edc ji dostanete, dostanete tak\u00e9 z\u00e1zem\u00ed akreditovan\u00e9ho pracovi\u0161t\u011b, kter\u00e9 m\u00e1 \u0161irok\u00e9 diagnostick\u00e9 spektrum, kter\u00e9 v\u00e1m zajist\u00ed v\u00e1\u0161 odborn\u00fd r\u016fst.  Pot\u0159ebujete z\u00edskat odbornou praxi Z\u00edsk\u00e1te tak\u00e9 mnoh\u00e9 zam\u011bstnaneck\u00e9 benefity typu levn\u00e9ho zdravotn\u00edho stravovan\u00ed, p\u0159\u00edsp\u011bvk\u016f na dovolenou nebo t\u0159eba na bydlen\u00ed. U n\u00e1s se mohou o zam\u011bstn\u00e1n\u00ed sm\u011bl uch\u00e1zet i absolventi, kte\u0159\u00ed maj\u00ed z\u00e1jem se nad\u00e1le vzd\u011bl\u00e1vat. Kolegi\u00e1ln\u00ed atmosf\u00e9ra je u n\u00e1s samoz\u0159ejmost\u00ed.                                                                                                                                                                                                                                                                                                                                                                                        4.7\/5 - (3 votes)        "},{"@context":"https:\/\/schema.org\/","@type":"BreadcrumbList","itemListElement":[{"@type":"ListItem","position":1,"name":"Nab\u00edz\u00edme voln\u00e1 m\u00edsta i pro absolventy","item":"https:\/\/www.cleus.cz\/nabizime-volna-mista-i-pro-absolventy\/#breadcrumbitem"}]}]