[{"@context":"https:\/\/schema.org\/","@type":"Blog","@id":"https:\/\/www.cleus.cz#Blog","headline":"Cleus","description":"\nV\u00edme dob\u0159e, \u017ee web na rozd\u00edl od tisku nelze pou\u017e\u00edt jako toaletn\u00ed pap\u00edr. A proto se sna\u017e\u00edme m\u00edt ten n\u00e1\u0161 tak dokonal\u00fd, aby nikdo nepoc\u00edtil touhu ho takto pou\u017e\u00edt.","url":"https:\/\/www.cleus.cz","hasPart":[{"@type":"Article","@id":"https:\/\/www.cleus.cz\/jak-se-lisi-zabradli-interierova-od-tech-exterierovych\/","headline":"Jak se li\u0161\u00ed z\u00e1bradl\u00ed interi\u00e9rov\u00e1 od t\u011bch exteri\u00e9rov\u00fdch?","url":"https:\/\/www.cleus.cz\/jak-se-lisi-zabradli-interierova-od-tech-exterierovych\/","datePublished":"2025-09-01","dateModified":"2025-09-01","mainEntityOfPage":"https:\/\/www.cleus.cz\/jak-se-lisi-zabradli-interierova-od-tech-exterierovych\/","author":{"@type":"Person","@id":"https:\/\/www.cleus.cz\/author\/#Person","name":"","url":"https:\/\/www.cleus.cz\/author\/","identifier":1,"image":{"@type":"ImageObject","@id":"https:\/\/secure.gravatar.com\/avatar\/d693d76da4b3c2905ed32515295d3c5b2b37600a891f276917d3d592948bcc60?s=96&d=mm&r=g","url":"https:\/\/secure.gravatar.com\/avatar\/d693d76da4b3c2905ed32515295d3c5b2b37600a891f276917d3d592948bcc60?s=96&d=mm&r=g","height":96,"width":96}},"publisher":{"@type":"Organization","name":"cleus.cz","logo":{"@type":"ImageObject","@id":"\/logo.png","url":"\/logo.png","width":600,"height":60}},"image":{"@type":"ImageObject","@id":"https:\/\/www.cleus.cz\/wp-content\/uploads\/zabradli1_10.jpg","url":"https:\/\/www.cleus.cz\/wp-content\/uploads\/zabradli1_10.jpg","height":0,"width":0},"wordCount":592,"keywords":null},{"@type":"Article","@id":"https:\/\/www.cleus.cz\/najdete-si-slecnu-ktera-vam-splni-vsechna-vase-tajna-prani\/","headline":"Najd\u011bte si sle\u010dnu, kter\u00e1 v\u00e1m spln\u00ed v\u0161echna va\u0161e tajn\u00e1 p\u0159\u00e1n\u00ed","url":"https:\/\/www.cleus.cz\/najdete-si-slecnu-ktera-vam-splni-vsechna-vase-tajna-prani\/","datePublished":"2025-08-24","dateModified":"2025-08-24","mainEntityOfPage":"https:\/\/www.cleus.cz\/najdete-si-slecnu-ktera-vam-splni-vsechna-vase-tajna-prani\/","author":{"@type":"Person","@id":"https:\/\/www.cleus.cz\/author\/#Person","name":"","url":"https:\/\/www.cleus.cz\/author\/","identifier":1,"image":{"@type":"ImageObject","@id":"https:\/\/secure.gravatar.com\/avatar\/d693d76da4b3c2905ed32515295d3c5b2b37600a891f276917d3d592948bcc60?s=96&d=mm&r=g","url":"https:\/\/secure.gravatar.com\/avatar\/d693d76da4b3c2905ed32515295d3c5b2b37600a891f276917d3d592948bcc60?s=96&d=mm&r=g","height":96,"width":96}},"publisher":{"@type":"Organization","name":"cleus.cz","logo":{"@type":"ImageObject","@id":"\/logo.png","url":"\/logo.png","width":600,"height":60}},"image":null,"wordCount":283,"keywords":null},{"@type":"Article","@id":"https:\/\/www.cleus.cz\/chcete-li-novy-nabytek\/","headline":"Chcete-li nov\u00fd n\u00e1bytek","url":"https:\/\/www.cleus.cz\/chcete-li-novy-nabytek\/","datePublished":"2025-08-19","dateModified":"2025-08-19","mainEntityOfPage":"https:\/\/www.cleus.cz\/chcete-li-novy-nabytek\/","author":{"@type":"Person","@id":"https:\/\/www.cleus.cz\/author\/#Person","name":"","url":"https:\/\/www.cleus.cz\/author\/","identifier":1,"image":{"@type":"ImageObject","@id":"https:\/\/secure.gravatar.com\/avatar\/d693d76da4b3c2905ed32515295d3c5b2b37600a891f276917d3d592948bcc60?s=96&d=mm&r=g","url":"https:\/\/secure.gravatar.com\/avatar\/d693d76da4b3c2905ed32515295d3c5b2b37600a891f276917d3d592948bcc60?s=96&d=mm&r=g","height":96,"width":96}},"publisher":{"@type":"Organization","name":"cleus.cz","logo":{"@type":"ImageObject","@id":"\/logo.png","url":"\/logo.png","width":600,"height":60}},"image":null,"wordCount":212,"keywords":null},{"@type":"Article","@id":"https:\/\/www.cleus.cz\/jedinecny-webovy-portal\/","headline":"Jedine\u010dn\u00fd webov\u00fd port\u00e1l","url":"https:\/\/www.cleus.cz\/jedinecny-webovy-portal\/","datePublished":"2025-08-09","dateModified":"2025-08-09","mainEntityOfPage":"https:\/\/www.cleus.cz\/jedinecny-webovy-portal\/","author":{"@type":"Person","@id":"https:\/\/www.cleus.cz\/author\/#Person","name":"","url":"https:\/\/www.cleus.cz\/author\/","identifier":1,"image":{"@type":"ImageObject","@id":"https:\/\/secure.gravatar.com\/avatar\/d693d76da4b3c2905ed32515295d3c5b2b37600a891f276917d3d592948bcc60?s=96&d=mm&r=g","url":"https:\/\/secure.gravatar.com\/avatar\/d693d76da4b3c2905ed32515295d3c5b2b37600a891f276917d3d592948bcc60?s=96&d=mm&r=g","height":96,"width":96}},"publisher":{"@type":"Organization","name":"cleus.cz","logo":{"@type":"ImageObject","@id":"\/logo.png","url":"\/logo.png","width":600,"height":60}},"image":null,"wordCount":225,"keywords":null},{"@type":"Article","@id":"https:\/\/www.cleus.cz\/rozsahle-sluzby\/","headline":"Rozs\u00e1hl\u00e9 slu\u017eby","url":"https:\/\/www.cleus.cz\/rozsahle-sluzby\/","datePublished":"2025-08-04","dateModified":"2025-08-04","mainEntityOfPage":"https:\/\/www.cleus.cz\/rozsahle-sluzby\/","author":{"@type":"Person","@id":"https:\/\/www.cleus.cz\/author\/#Person","name":"","url":"https:\/\/www.cleus.cz\/author\/","identifier":1,"image":{"@type":"ImageObject","@id":"https:\/\/secure.gravatar.com\/avatar\/d693d76da4b3c2905ed32515295d3c5b2b37600a891f276917d3d592948bcc60?s=96&d=mm&r=g","url":"https:\/\/secure.gravatar.com\/avatar\/d693d76da4b3c2905ed32515295d3c5b2b37600a891f276917d3d592948bcc60?s=96&d=mm&r=g","height":96,"width":96}},"publisher":{"@type":"Organization","name":"cleus.cz","logo":{"@type":"ImageObject","@id":"\/logo.png","url":"\/logo.png","width":600,"height":60}},"image":null,"wordCount":226,"keywords":null},{"@type":"Article","@id":"https:\/\/www.cleus.cz\/neni-nad-kvalitni-matraci\/","headline":"Nen\u00ed nad kvalitn\u00ed matraci","url":"https:\/\/www.cleus.cz\/neni-nad-kvalitni-matraci\/","datePublished":"2025-08-01","dateModified":"2025-08-01","mainEntityOfPage":"https:\/\/www.cleus.cz\/neni-nad-kvalitni-matraci\/","author":{"@type":"Person","@id":"https:\/\/www.cleus.cz\/author\/#Person","name":"","url":"https:\/\/www.cleus.cz\/author\/","identifier":1,"image":{"@type":"ImageObject","@id":"https:\/\/secure.gravatar.com\/avatar\/d693d76da4b3c2905ed32515295d3c5b2b37600a891f276917d3d592948bcc60?s=96&d=mm&r=g","url":"https:\/\/secure.gravatar.com\/avatar\/d693d76da4b3c2905ed32515295d3c5b2b37600a891f276917d3d592948bcc60?s=96&d=mm&r=g","height":96,"width":96}},"publisher":{"@type":"Organization","name":"cleus.cz","logo":{"@type":"ImageObject","@id":"\/logo.png","url":"\/logo.png","width":600,"height":60}},"image":{"@type":"ImageObject","@id":"https:\/\/www.cleus.cz\/wp-content\/uploads\/pexels-lum3n-44775-1410227.jpg","url":"https:\/\/www.cleus.cz\/wp-content\/uploads\/pexels-lum3n-44775-1410227.jpg","height":0,"width":0},"wordCount":543,"keywords":null},{"@type":"Article","@id":"https:\/\/www.cleus.cz\/dokonale-sluzby-v-oblast-odpadu\/","headline":"Dokonal\u00e9 slu\u017eby v oblast odpadu","url":"https:\/\/www.cleus.cz\/dokonale-sluzby-v-oblast-odpadu\/","datePublished":"2025-07-30","dateModified":"2025-07-30","mainEntityOfPage":"https:\/\/www.cleus.cz\/dokonale-sluzby-v-oblast-odpadu\/","author":{"@type":"Person","@id":"https:\/\/www.cleus.cz\/author\/#Person","name":"","url":"https:\/\/www.cleus.cz\/author\/","identifier":1,"image":{"@type":"ImageObject","@id":"https:\/\/secure.gravatar.com\/avatar\/d693d76da4b3c2905ed32515295d3c5b2b37600a891f276917d3d592948bcc60?s=96&d=mm&r=g","url":"https:\/\/secure.gravatar.com\/avatar\/d693d76da4b3c2905ed32515295d3c5b2b37600a891f276917d3d592948bcc60?s=96&d=mm&r=g","height":96,"width":96}},"publisher":{"@type":"Organization","name":"cleus.cz","logo":{"@type":"ImageObject","@id":"\/logo.png","url":"\/logo.png","width":600,"height":60}},"image":null,"wordCount":212,"keywords":null},{"@type":"Article","@id":"https:\/\/www.cleus.cz\/splnte-vasim-detom-sen\/","headline":"Spl\u0148te va\u0161im de\u0165om sen","url":"https:\/\/www.cleus.cz\/splnte-vasim-detom-sen\/","datePublished":"2025-07-23","dateModified":"2025-07-23","mainEntityOfPage":"https:\/\/www.cleus.cz\/splnte-vasim-detom-sen\/","author":{"@type":"Person","@id":"https:\/\/www.cleus.cz\/author\/#Person","name":"","url":"https:\/\/www.cleus.cz\/author\/","identifier":1,"image":{"@type":"ImageObject","@id":"https:\/\/secure.gravatar.com\/avatar\/d693d76da4b3c2905ed32515295d3c5b2b37600a891f276917d3d592948bcc60?s=96&d=mm&r=g","url":"https:\/\/secure.gravatar.com\/avatar\/d693d76da4b3c2905ed32515295d3c5b2b37600a891f276917d3d592948bcc60?s=96&d=mm&r=g","height":96,"width":96}},"publisher":{"@type":"Organization","name":"cleus.cz","logo":{"@type":"ImageObject","@id":"\/logo.png","url":"\/logo.png","width":600,"height":60}},"image":null,"wordCount":200,"keywords":null},{"@type":"Article","@id":"https:\/\/www.cleus.cz\/slyseli-jste-uz-nekdo-o-osade-elite\/","headline":"Sly\u0161eli jste u\u017e n\u011bkdo o osad\u011b Elite?","url":"https:\/\/www.cleus.cz\/slyseli-jste-uz-nekdo-o-osade-elite\/","datePublished":"2025-07-14","dateModified":"2025-07-14","mainEntityOfPage":"https:\/\/www.cleus.cz\/slyseli-jste-uz-nekdo-o-osade-elite\/","author":{"@type":"Person","@id":"https:\/\/www.cleus.cz\/author\/#Person","name":"","url":"https:\/\/www.cleus.cz\/author\/","identifier":1,"image":{"@type":"ImageObject","@id":"https:\/\/secure.gravatar.com\/avatar\/d693d76da4b3c2905ed32515295d3c5b2b37600a891f276917d3d592948bcc60?s=96&d=mm&r=g","url":"https:\/\/secure.gravatar.com\/avatar\/d693d76da4b3c2905ed32515295d3c5b2b37600a891f276917d3d592948bcc60?s=96&d=mm&r=g","height":96,"width":96}},"publisher":{"@type":"Organization","name":"cleus.cz","logo":{"@type":"ImageObject","@id":"\/logo.png","url":"\/logo.png","width":600,"height":60}},"image":null,"wordCount":222,"keywords":null},{"@type":"Article","@id":"https:\/\/www.cleus.cz\/budete-jist-vse-co-vam-chutna-a-jeste-zhubnete\/","headline":"Budete jist v\u0161e, co V\u00e1m chutn\u00e1 a je\u0161t\u011b zhubnete","url":"https:\/\/www.cleus.cz\/budete-jist-vse-co-vam-chutna-a-jeste-zhubnete\/","datePublished":"2025-07-11","dateModified":"2025-07-11","mainEntityOfPage":"https:\/\/www.cleus.cz\/budete-jist-vse-co-vam-chutna-a-jeste-zhubnete\/","author":{"@type":"Person","@id":"https:\/\/www.cleus.cz\/author\/#Person","name":"","url":"https:\/\/www.cleus.cz\/author\/","identifier":1,"image":{"@type":"ImageObject","@id":"https:\/\/secure.gravatar.com\/avatar\/d693d76da4b3c2905ed32515295d3c5b2b37600a891f276917d3d592948bcc60?s=96&d=mm&r=g","url":"https:\/\/secure.gravatar.com\/avatar\/d693d76da4b3c2905ed32515295d3c5b2b37600a891f276917d3d592948bcc60?s=96&d=mm&r=g","height":96,"width":96}},"publisher":{"@type":"Organization","name":"cleus.cz","logo":{"@type":"ImageObject","@id":"\/logo.png","url":"\/logo.png","width":600,"height":60}},"image":null,"wordCount":206,"keywords":null}]},{"@context":"https:\/\/schema.org","@type":"WebSite","@id":"https:\/\/www.cleus.cz\/#website","name":"Cleus","url":"https:\/\/www.cleus.cz","potentialAction":{"@type":"SearchAction","target":"https:\/\/www.cleus.cz\/?s={search_term_string}","query-input":"required name=search_term_string"}}]