[{"@context":"https:\/\/schema.org\/","@type":"Article","@id":"https:\/\/www.cleus.cz\/vytvorte-si-z-obytneho-prostoru-relaxacni-kout\/#Article","mainEntityOfPage":"https:\/\/www.cleus.cz\/vytvorte-si-z-obytneho-prostoru-relaxacni-kout\/","headline":"Vytvo\u0159te si z obytn\u00e9ho prostoru relaxa\u010dn\u00ed kout","name":"Vytvo\u0159te si z obytn\u00e9ho prostoru relaxa\u010dn\u00ed kout","description":"Pamatujete je\u0161t\u011b dobu socialismu? Pokud ano, a nabyli jste tehdy pouh\u00fdmi batolaty, ale ji\u017e mladistv\u00fdmi, samostatn\u011b rozhoduj\u00edc\u00edmi lidmi, mo\u017en\u00e1 si vybav\u00edte, jak na\u0161i rodi\u010de udr\u017eovali mnoho let tradi\u010dn\u00ed sestaven\u00ed n\u00e1bytku v ob\u00fdvac\u00edch pokoj\u00edch. Ve v\u011bt\u0161in\u011b m\u011bstsk\u00fdch byt\u016f to m\u011blo a\u017e uniformn\u00ed r\u00e1z \u2013 uprost\u0159ed ob\u00fdv\u00e1ku konferen\u010dn\u00ed stolek, za n\u00edm sedac\u00ed pohovka, po jeho boc\u00edch dv\u011b [&hellip;]","datePublished":"2023-08-20","dateModified":"2024-03-13","author":{"@type":"Person","@id":"https:\/\/www.cleus.cz\/author\/#Person","name":"","url":"https:\/\/www.cleus.cz\/author\/","identifier":1,"image":{"@type":"ImageObject","@id":"https:\/\/secure.gravatar.com\/avatar\/d693d76da4b3c2905ed32515295d3c5b2b37600a891f276917d3d592948bcc60?s=96&d=mm&r=g","url":"https:\/\/secure.gravatar.com\/avatar\/d693d76da4b3c2905ed32515295d3c5b2b37600a891f276917d3d592948bcc60?s=96&d=mm&r=g","height":96,"width":96}},"publisher":{"@type":"Organization","name":"cleus.cz","logo":{"@type":"ImageObject","@id":"\/logo.png","url":"\/logo.png","width":600,"height":60}},"image":{"@type":"ImageObject","@id":"https:\/\/www.cleus.cz\/wp-content\/uploads\/living-room-2732939_640_9.jpg","url":"https:\/\/www.cleus.cz\/wp-content\/uploads\/living-room-2732939_640_9.jpg","height":0,"width":0},"url":"https:\/\/www.cleus.cz\/vytvorte-si-z-obytneho-prostoru-relaxacni-kout\/","about":["Web"],"wordCount":415,"articleBody":"   Pamatujete je\u0161t\u011b dobu socialismu? Pokud ano, a nabyli jste tehdy pouh\u00fdmi batolaty, ale ji\u017e mladistv\u00fdmi, samostatn\u011b rozhoduj\u00edc\u00edmi lidmi, mo\u017en\u00e1 si vybav\u00edte, jak na\u0161i rodi\u010de udr\u017eovali mnoho let tradi\u010dn\u00ed sestaven\u00ed n\u00e1bytku v ob\u00fdvac\u00edch pokoj\u00edch. Ve v\u011bt\u0161in\u011b m\u011bstsk\u00fdch byt\u016f to m\u011blo a\u017e uniformn\u00ed r\u00e1z \u2013 uprost\u0159ed ob\u00fdv\u00e1ku konferen\u010dn\u00ed stolek, za n\u00edm sedac\u00ed pohovka, po jeho boc\u00edch dv\u011b mohutn\u00e1 k\u0159esla a naproti pohovce pokr\u00fdvala celou st\u011bnu n\u00e1bytkov\u00e1 sestava. V\u011bt\u0161inou \u0161lo o sektorov\u00e9 kusy n\u00e1bytku, tedy takov\u00e9, z nich\u017e se poskl\u00e1dalo v\u00edce variant, nej\u010dast\u011bji s televiz\u00ed p\u0159\u00edmo p\u0159ed sebou.Na prvn\u00ed pohled to vypadalo celkem \u00fatuln\u011b, ale ve skute\u010dnosti jste tu m\u011bli po p\u00e1r hodin\u00e1ch sezen\u00ed pocit, jako \u017ee jste n\u011bkde ve skladu. N\u00e1bytek a\u017e ke stropu, pln\u00fd povle\u010den\u00ed, dekorativn\u00edch p\u0159edm\u011bt\u016f a sezonn\u00edch od\u011bv\u016f, sic nahradil vestav\u011bnou sk\u0159\u00ed\u0148 na m\u00edru, ale ta se p\u0159ece jen hod\u00ed sp\u00ed\u0161e do p\u0159eds\u00edn\u011b. Aby v\u00e1\u0161 byt nevypadal jako skladi\u0161t\u011b, m\u011bli byste u\u017eitn\u00fd n\u00e1bytek uspo\u0159\u00e1dat mnohem \u00fasporn\u011bji a vzdu\u0161n\u011bji. Co t\u00edm m\u00e1me na mysli?Jestli\u017ee se nap\u0159\u00edklad st\u011bhujete a m\u011bn\u00edte i bytovou dispozici, zauva\u017eujte, zda by nebylo v\u00fdhodn\u011bj\u0161\u00ed n\u011bkter\u00e9ho n\u00e1bytku se zbavit. Co v\u00e1m m\u016f\u017eeme v\u0159ele doporu\u010dit, je n\u00e1kres prostor, kter\u00e9 budete ob\u00fdvat, alespo\u0148 na pap\u00edr v m\u011b\u0159\u00edtku dle zn\u00e1m\u00fdch rozm\u011br\u016f, a do tohoto p\u016fdorysu budete postupn\u011b pokl\u00e1dat z pap\u00edru vyst\u0159i\u017een\u00e9 modely n\u00e1bytku (tedy samoz\u0159ejm\u011b pouze schematicky zn\u00e1zorn\u011bn\u00e9). Mo\u017en\u00e1 t\u00edmto zp\u016fsobem p\u0159ijdete na to, \u017ee v\u00e1\u0161 p\u016fvodn\u00ed z\u00e1m\u011br um\u00edstit konferen\u010dn\u00ed stolek do st\u0159edu m\u00edstnosti, bude lep\u0161\u00ed a\u017e na jej\u00edm konci s t\u00edm, \u017ee se obklop\u00edte pokojov\u00fdmi rostlinami, a t\u0159eba se tu uplatn\u00ed i st\u0159edn\u011b velk\u00e9 akv\u00e1rium.Neponech\u00e1vejte nic n\u00e1hod\u011b a nam\u00edsto skladi\u0161t\u011b v\u011bc\u00ed si z obytn\u00e9ho prostoru vybudujte relaxa\u010dn\u00ed kout, kde se budete c\u00edtit skute\u010dn\u011b dob\u0159e. Nepot\u0159ebujete k tomu mnohdy ani bytov\u00e9ho architekta, v\u011bt\u0161inou si porad\u00edte sami i bez n\u011bj.                                                                                                                                                                                                                                                                                                                                                                                          4\/5 - (11 votes)        "},{"@context":"https:\/\/schema.org\/","@type":"BreadcrumbList","itemListElement":[{"@type":"ListItem","position":1,"name":"Vytvo\u0159te si z obytn\u00e9ho prostoru relaxa\u010dn\u00ed kout","item":"https:\/\/www.cleus.cz\/vytvorte-si-z-obytneho-prostoru-relaxacni-kout\/#breadcrumbitem"}]}]