{"@context":"https:\/\/schema.org\/","@type":"CollectionPage","@id":"https:\/\/www.cleus.cz\/web\/#CollectionPage","headline":"Web Category","description":"","url":"https:\/\/www.cleus.cz\/web\/","hasPart":[{"@type":"Article","@id":"https:\/\/www.cleus.cz\/kde-najit-zubare\/","headline":"Kde naj\u00edt zuba\u0159e","url":"https:\/\/www.cleus.cz\/kde-najit-zubare\/","datePublished":"2023-12-29","dateModified":"2024-02-05","mainEntityOfPage":"https:\/\/www.cleus.cz\/kde-najit-zubare\/","author":{"@type":"Person","@id":"https:\/\/www.cleus.cz\/author\/#Person","name":"","url":"https:\/\/www.cleus.cz\/author\/","identifier":1,"image":{"@type":"ImageObject","@id":"https:\/\/secure.gravatar.com\/avatar\/d693d76da4b3c2905ed32515295d3c5b2b37600a891f276917d3d592948bcc60?s=96&d=mm&r=g","url":"https:\/\/secure.gravatar.com\/avatar\/d693d76da4b3c2905ed32515295d3c5b2b37600a891f276917d3d592948bcc60?s=96&d=mm&r=g","height":96,"width":96}},"publisher":{"@type":"Organization","name":"cleus.cz","logo":{"@type":"ImageObject","@id":"\/logo.png","url":"\/logo.png","width":600,"height":60}},"image":{"@type":"ImageObject","@id":"https:\/\/www.cleus.cz\/wp-content\/uploads\/pexels-shiny-diamond-3762408_4.jpg","url":"https:\/\/www.cleus.cz\/wp-content\/uploads\/pexels-shiny-diamond-3762408_4.jpg","height":0,"width":0},"keywords":null},{"@type":"Article","@id":"https:\/\/www.cleus.cz\/vytvorte-si-z-obytneho-prostoru-relaxacni-kout\/","headline":"Vytvo\u0159te si z obytn\u00e9ho prostoru relaxa\u010dn\u00ed kout","url":"https:\/\/www.cleus.cz\/vytvorte-si-z-obytneho-prostoru-relaxacni-kout\/","datePublished":"2023-08-20","dateModified":"2024-03-13","mainEntityOfPage":"https:\/\/www.cleus.cz\/vytvorte-si-z-obytneho-prostoru-relaxacni-kout\/","author":{"@type":"Person","@id":"https:\/\/www.cleus.cz\/author\/#Person","name":"","url":"https:\/\/www.cleus.cz\/author\/","identifier":1,"image":{"@type":"ImageObject","@id":"https:\/\/secure.gravatar.com\/avatar\/d693d76da4b3c2905ed32515295d3c5b2b37600a891f276917d3d592948bcc60?s=96&d=mm&r=g","url":"https:\/\/secure.gravatar.com\/avatar\/d693d76da4b3c2905ed32515295d3c5b2b37600a891f276917d3d592948bcc60?s=96&d=mm&r=g","height":96,"width":96}},"publisher":{"@type":"Organization","name":"cleus.cz","logo":{"@type":"ImageObject","@id":"\/logo.png","url":"\/logo.png","width":600,"height":60}},"image":{"@type":"ImageObject","@id":"https:\/\/www.cleus.cz\/wp-content\/uploads\/living-room-2732939_640_9.jpg","url":"https:\/\/www.cleus.cz\/wp-content\/uploads\/living-room-2732939_640_9.jpg","height":0,"width":0},"keywords":null},{"@type":"Article","@id":"https:\/\/www.cleus.cz\/zaklad-je-poradne-vse-proverit\/","headline":"Z\u00e1klad je po\u0159\u00e1dn\u011b v\u0161e prov\u011b\u0159it","url":"https:\/\/www.cleus.cz\/zaklad-je-poradne-vse-proverit\/","datePublished":"2023-05-04","dateModified":"2023-05-04","mainEntityOfPage":"https:\/\/www.cleus.cz\/zaklad-je-poradne-vse-proverit\/","author":{"@type":"Person","@id":"https:\/\/www.cleus.cz\/author\/#Person","name":"","url":"https:\/\/www.cleus.cz\/author\/","identifier":1,"image":{"@type":"ImageObject","@id":"https:\/\/secure.gravatar.com\/avatar\/d693d76da4b3c2905ed32515295d3c5b2b37600a891f276917d3d592948bcc60?s=96&d=mm&r=g","url":"https:\/\/secure.gravatar.com\/avatar\/d693d76da4b3c2905ed32515295d3c5b2b37600a891f276917d3d592948bcc60?s=96&d=mm&r=g","height":96,"width":96}},"publisher":{"@type":"Organization","name":"cleus.cz","logo":{"@type":"ImageObject","@id":"\/logo.png","url":"\/logo.png","width":600,"height":60}},"image":null,"keywords":null},{"@type":"Article","@id":"https:\/\/www.cleus.cz\/jak-mit-zarivy-usmev\/","headline":"Jak m\u00edt z\u00e1\u0159iv\u00fd \u00fasm\u011bv?","url":"https:\/\/www.cleus.cz\/jak-mit-zarivy-usmev\/","datePublished":"2022-10-18","dateModified":"2023-05-04","mainEntityOfPage":"https:\/\/www.cleus.cz\/jak-mit-zarivy-usmev\/","author":{"@type":"Person","@id":"https:\/\/www.cleus.cz\/author\/#Person","name":"","url":"https:\/\/www.cleus.cz\/author\/","identifier":1,"image":{"@type":"ImageObject","@id":"https:\/\/secure.gravatar.com\/avatar\/d693d76da4b3c2905ed32515295d3c5b2b37600a891f276917d3d592948bcc60?s=96&d=mm&r=g","url":"https:\/\/secure.gravatar.com\/avatar\/d693d76da4b3c2905ed32515295d3c5b2b37600a891f276917d3d592948bcc60?s=96&d=mm&r=g","height":96,"width":96}},"publisher":{"@type":"Organization","name":"cleus.cz","logo":{"@type":"ImageObject","@id":"\/logo.png","url":"\/logo.png","width":600,"height":60}},"image":{"@type":"ImageObject","@id":"https:\/\/www.cleus.cz\/wp-content\/uploads\/beleni_zubu_IjQ1mb.jpg","url":"https:\/\/www.cleus.cz\/wp-content\/uploads\/beleni_zubu_IjQ1mb.jpg","height":0,"width":0},"keywords":null},{"@type":"Article","@id":"https:\/\/www.cleus.cz\/proc-si-kancelare-najimaji-na-cisteni-kobercu-specializovane-firmy\/","headline":"Pro\u010d si kancel\u00e1\u0159e naj\u00edmaj\u00ed na \u010di\u0161t\u011bn\u00ed koberc\u016f specializovan\u00e9 firmy","url":"https:\/\/www.cleus.cz\/proc-si-kancelare-najimaji-na-cisteni-kobercu-specializovane-firmy\/","datePublished":"2021-08-20","dateModified":"2023-05-04","mainEntityOfPage":"https:\/\/www.cleus.cz\/proc-si-kancelare-najimaji-na-cisteni-kobercu-specializovane-firmy\/","author":{"@type":"Person","@id":"https:\/\/www.cleus.cz\/author\/#Person","name":"","url":"https:\/\/www.cleus.cz\/author\/","identifier":1,"image":{"@type":"ImageObject","@id":"https:\/\/secure.gravatar.com\/avatar\/d693d76da4b3c2905ed32515295d3c5b2b37600a891f276917d3d592948bcc60?s=96&d=mm&r=g","url":"https:\/\/secure.gravatar.com\/avatar\/d693d76da4b3c2905ed32515295d3c5b2b37600a891f276917d3d592948bcc60?s=96&d=mm&r=g","height":96,"width":96}},"publisher":{"@type":"Organization","name":"cleus.cz","logo":{"@type":"ImageObject","@id":"\/logo.png","url":"\/logo.png","width":600,"height":60}},"image":{"@type":"ImageObject","@id":"https:\/\/www.cleus.cz\/wp-content\/uploads\/koberec1_6.jpg","url":"https:\/\/www.cleus.cz\/wp-content\/uploads\/koberec1_6.jpg","height":0,"width":0},"keywords":null},{"@type":"Article","@id":"https:\/\/www.cleus.cz\/zvyseni-navstevnosti-webovych-stranek\/","headline":"Zv\u00fd\u0161en\u00ed n\u00e1v\u0161t\u011bvnosti webov\u00fdch str\u00e1nek","url":"https:\/\/www.cleus.cz\/zvyseni-navstevnosti-webovych-stranek\/","datePublished":"2019-08-21","dateModified":"2023-05-04","mainEntityOfPage":"https:\/\/www.cleus.cz\/zvyseni-navstevnosti-webovych-stranek\/","author":{"@type":"Person","@id":"https:\/\/www.cleus.cz\/author\/#Person","name":"","url":"https:\/\/www.cleus.cz\/author\/","identifier":1,"image":{"@type":"ImageObject","@id":"https:\/\/secure.gravatar.com\/avatar\/d693d76da4b3c2905ed32515295d3c5b2b37600a891f276917d3d592948bcc60?s=96&d=mm&r=g","url":"https:\/\/secure.gravatar.com\/avatar\/d693d76da4b3c2905ed32515295d3c5b2b37600a891f276917d3d592948bcc60?s=96&d=mm&r=g","height":96,"width":96}},"publisher":{"@type":"Organization","name":"cleus.cz","logo":{"@type":"ImageObject","@id":"\/logo.png","url":"\/logo.png","width":600,"height":60}},"image":{"@type":"ImageObject","@id":"https:\/\/www.cleus.cz\/wp-content\/uploads\/img_a353961_w3264_t1568487900.png","url":"https:\/\/www.cleus.cz\/wp-content\/uploads\/img_a353961_w3264_t1568487900.png","height":0,"width":0},"keywords":null}]}